{"id":1975,"date":"2020-09-25T14:45:18","date_gmt":"2020-09-25T14:45:18","guid":{"rendered":"http:\/\/zajednozaosmeh.com\/?p=1975"},"modified":"2020-10-23T10:13:08","modified_gmt":"2020-10-23T10:13:08","slug":"besplatan-ulaz-na-avalski-toranj","status":"publish","type":"post","link":"https:\/\/zajednozaosmeh.com\/en\/besplatan-ulaz-na-avalski-toranj\/","title":{"rendered":"Besplatan ulaz na Avalski toranj"},"content":{"rendered":"<div class=\"text-wrapper\">\n<p><!--CONTENT SECTION BEGIN --><\/p>\n<p>Nezaobilazna turisti\u010dka destinacija koja je mnogobrojnim umetnicima ve\u0107 decenijama inspiracija za rad, vidikovac odakle se vidi ceo Beograd i dobrim delom \u0160umadija, jeste Avalski toranj koji je na svega 20 km od centra grada. <\/p>\n<p>Od danas sva deca i adolescenti koji su oboleli od raka, a koji poseduju identifikacionu karticu fondacije &#8222;Zajedno za osmeh&#8220; u pratnji jednog punoletnog pratioca mogu besplatno odmarati pogled, du\u0161u i u\u017eivati u lepoti pogleda koji pru\u017ea Avalski toranj.<\/p>\n<p><!-- END CONTENT SECTION --><\/p>\n<p><!--FOOTER SECTION BEGIN --><\/p>\n<div class=\"new-site-footer\">\n<div class=\"social-icons-wrapper\">\n<div class=\"fb-icon social-icons\"><a href=\"https:\/\/www.facebook.com\/zajednozaosmeh\" target=\"_blank\" rel=\"noopener noreferrer\"><img src=\"http:\/\/zajednozaosmeh.com\/wp-content\/themes\/wp-bootstrap-starter\/inc\/assets\/images\/fb-icon.png\" alt=\"fb-icon\" \/><\/a><\/div>\n<div class=\"tw-icon social-icons\"><a href=\"https:\/\/www.instagram.com\/zajednozaosmeh\/\" target=\"_blank\" rel=\"noopener noreferrer\"><img src=\"http:\/\/zajednozaosmeh.com\/wp-content\/themes\/wp-bootstrap-starter\/inc\/assets\/images\/instagram-logo.png\" alt=\"instagram-icon\" \/><\/a><\/div>\n<div class=\"gp-icon social-icons\"><a href=\"https:\/\/www.youtube.com\/channel\/UC71IKCJMltOEsQ424vtAcNA\" target=\"_blank\" rel=\"noopener noreferrer\"><img src=\"http:\/\/zajednozaosmeh.com\/wp-content\/themes\/wp-bootstrap-starter\/inc\/assets\/images\/youtube-logo.png\" alt=\"youtube-icon\" \/><\/a><\/div>\n<\/div>\n<div class=\"copyright-text\">Copyright \u00a9 2019 Fondacija &#8211; All rights reserved<\/div>\n<\/div>\n<p><!-- END FOOTER SECTION --><\/p>\n<\/div>","protected":false},"excerpt":{"rendered":"<p>Nezaobilazna turisti\u010dka destinacija koja je mnogobrojnim umetnicima ve\u0107 decenijama inspiracija za rad, vidikovac odakle se vidi ceo Beograd i dobrim delom \u0160umadija, jeste Avalski toranj koji je na svega 20 km od centra grada. Od danas sva deca i adolescenti koji su oboleli od raka, a koji poseduju identifikacionu karticu fondacije &#8222;Zajedno za osmeh&#8220; u [&hellip;]<\/p>\n","protected":false},"author":1,"featured_media":2036,"comment_status":"closed","ping_status":"open","sticky":false,"template":"","format":"standard","meta":[],"categories":[3],"tags":[],"_links":{"self":[{"href":"https:\/\/zajednozaosmeh.com\/en\/wp-json\/wp\/v2\/posts\/1975"}],"collection":[{"href":"https:\/\/zajednozaosmeh.com\/en\/wp-json\/wp\/v2\/posts"}],"about":[{"href":"https:\/\/zajednozaosmeh.com\/en\/wp-json\/wp\/v2\/types\/post"}],"author":[{"embeddable":true,"href":"https:\/\/zajednozaosmeh.com\/en\/wp-json\/wp\/v2\/users\/1"}],"replies":[{"embeddable":true,"href":"https:\/\/zajednozaosmeh.com\/en\/wp-json\/wp\/v2\/comments?post=1975"}],"version-history":[{"count":2,"href":"https:\/\/zajednozaosmeh.com\/en\/wp-json\/wp\/v2\/posts\/1975\/revisions"}],"predecessor-version":[{"id":2037,"href":"https:\/\/zajednozaosmeh.com\/en\/wp-json\/wp\/v2\/posts\/1975\/revisions\/2037"}],"wp:featuredmedia":[{"embeddable":true,"href":"https:\/\/zajednozaosmeh.com\/en\/wp-json\/wp\/v2\/media\/2036"}],"wp:attachment":[{"href":"https:\/\/zajednozaosmeh.com\/en\/wp-json\/wp\/v2\/media?parent=1975"}],"wp:term":[{"taxonomy":"category","embeddable":true,"href":"https:\/\/zajednozaosmeh.com\/en\/wp-json\/wp\/v2\/categories?post=1975"},{"taxonomy":"post_tag","embeddable":true,"href":"https:\/\/zajednozaosmeh.com\/en\/wp-json\/wp\/v2\/tags?post=1975"}],"curies":[{"name":"wp","href":"https:\/\/api.w.org\/{rel}","templated":true}]}}