{"id":1915,"date":"2020-08-04T08:42:13","date_gmt":"2020-08-04T08:42:13","guid":{"rendered":"http:\/\/zajednozaosmeh.com\/?p=1915"},"modified":"2020-08-06T09:14:53","modified_gmt":"2020-08-06T09:14:53","slug":"besplatan-obilazak-beogradske-tvrdjave","status":"publish","type":"post","link":"https:\/\/zajednozaosmeh.com\/en\/besplatan-obilazak-beogradske-tvrdjave\/","title":{"rendered":"Besplatan obilazak Beogradske tvr\u0111ave"},"content":{"rendered":"<div class=\"text-wrapper\">\n<p><!--CONTENT SECTION BEGIN --><\/p>\n<p>Svesni \u010dinjenice koliko je psiholo\u0161ki faktor va\u017ean u toku le\u010denja od najte\u017eih bolesti, koliko ja va\u017eno biti usredsre\u0111en, motivisan, osetiti se bitnim nekome, jednako  smo svesni i \u010dinjenice da svi nekada po\u017eele da budu daleko od bolesti, ljudi, gradske gu\u017eve, sami sa sobom i svojim mislima.<br \/>\nU vezi sa tim Beogradska tvr\u0111ava  besplatno otvara svoje kapije za sve koji poseduju identifikacionu karticu fondacije.<\/p>\n<p>U \u017eelji da skrenu misli, deca i adolescenti oboleli od najte\u017eih bolesti, prilikom obilaska Beogradske tvr\u0111ave mogu posetiti:<\/p>\n<p>1. Rimski bunar,<br \/>\n2.Barutanu,<br \/>\n3. kulu Neboj\u0161u,<br \/>\n4. vojni bunker,<br \/>\n5. Kazamati Vojnog muzeja,<br \/>\n6. mogu\u0107nost iznajmljivanja audio vodi\u010da<br \/>\n<!-- END CONTENT SECTION --><\/p>\n<p><!--FOOTER SECTION BEGIN --><\/p>\n<div class=\"new-site-footer\">\n<div class=\"social-icons-wrapper\">\n<div class=\"fb-icon social-icons\"><a href=\"https:\/\/www.facebook.com\/zajednozaosmeh\" target=\"_blank\" rel=\"noopener noreferrer\"><img src=\"http:\/\/zajednozaosmeh.com\/wp-content\/themes\/wp-bootstrap-starter\/inc\/assets\/images\/fb-icon.png\" alt=\"fb-icon\" \/><\/a><\/div>\n<div class=\"tw-icon social-icons\"><a href=\"https:\/\/www.instagram.com\/zajednozaosmeh\/\" target=\"_blank\" rel=\"noopener noreferrer\"><img src=\"http:\/\/zajednozaosmeh.com\/wp-content\/themes\/wp-bootstrap-starter\/inc\/assets\/images\/instagram-logo.png\" alt=\"instagram-icon\" \/><\/a><\/div>\n<div class=\"gp-icon social-icons\"><a href=\"https:\/\/www.youtube.com\/channel\/UC71IKCJMltOEsQ424vtAcNA\" target=\"_blank\" rel=\"noopener noreferrer\"><img src=\"http:\/\/zajednozaosmeh.com\/wp-content\/themes\/wp-bootstrap-starter\/inc\/assets\/images\/youtube-logo.png\" alt=\"youtube-icon\" \/><\/a><\/div>\n<\/div>\n<div class=\"copyright-text\">Copyright \u00a9 2019 Fondacija &#8211; All rights reserved<\/div>\n<\/div>\n<p><!-- END FOOTER SECTION --><\/p>\n<\/div>","protected":false},"excerpt":{"rendered":"<p>Svesni \u010dinjenice koliko je psiholo\u0161ki faktor va\u017ean u toku le\u010denja od najte\u017eih bolesti, koliko ja va\u017eno biti usredsre\u0111en, motivisan, osetiti se bitnim nekome, jednako smo svesni i \u010dinjenice da svi nekada po\u017eele da budu daleko od bolesti, ljudi, gradske gu\u017eve, sami sa sobom i svojim mislima. U vezi sa tim Beogradska tvr\u0111ava besplatno otvara svoje [&hellip;]<\/p>\n","protected":false},"author":1,"featured_media":1922,"comment_status":"closed","ping_status":"open","sticky":false,"template":"","format":"standard","meta":[],"categories":[3],"tags":[],"_links":{"self":[{"href":"https:\/\/zajednozaosmeh.com\/en\/wp-json\/wp\/v2\/posts\/1915"}],"collection":[{"href":"https:\/\/zajednozaosmeh.com\/en\/wp-json\/wp\/v2\/posts"}],"about":[{"href":"https:\/\/zajednozaosmeh.com\/en\/wp-json\/wp\/v2\/types\/post"}],"author":[{"embeddable":true,"href":"https:\/\/zajednozaosmeh.com\/en\/wp-json\/wp\/v2\/users\/1"}],"replies":[{"embeddable":true,"href":"https:\/\/zajednozaosmeh.com\/en\/wp-json\/wp\/v2\/comments?post=1915"}],"version-history":[{"count":2,"href":"https:\/\/zajednozaosmeh.com\/en\/wp-json\/wp\/v2\/posts\/1915\/revisions"}],"predecessor-version":[{"id":1921,"href":"https:\/\/zajednozaosmeh.com\/en\/wp-json\/wp\/v2\/posts\/1915\/revisions\/1921"}],"wp:featuredmedia":[{"embeddable":true,"href":"https:\/\/zajednozaosmeh.com\/en\/wp-json\/wp\/v2\/media\/1922"}],"wp:attachment":[{"href":"https:\/\/zajednozaosmeh.com\/en\/wp-json\/wp\/v2\/media?parent=1915"}],"wp:term":[{"taxonomy":"category","embeddable":true,"href":"https:\/\/zajednozaosmeh.com\/en\/wp-json\/wp\/v2\/categories?post=1915"},{"taxonomy":"post_tag","embeddable":true,"href":"https:\/\/zajednozaosmeh.com\/en\/wp-json\/wp\/v2\/tags?post=1915"}],"curies":[{"name":"wp","href":"https:\/\/api.w.org\/{rel}","templated":true}]}}