{"id":387,"date":"2020-01-01T13:08:22","date_gmt":"2020-01-01T13:08:22","guid":{"rendered":"http:\/\/zajednozaosmeh.com\/?p=387"},"modified":"2022-06-05T18:10:54","modified_gmt":"2022-06-05T18:10:54","slug":"fondacija-zajedno-za-osmeh-podelila-novogodisnje-paketice","status":"publish","type":"post","link":"http:\/\/zajednozaosmeh.com\/en\/fondacija-zajedno-za-osmeh-podelila-novogodisnje-paketice\/","title":{"rendered":"Fondacija \u201dZajedno za osmeh\u201d podelila novogodi\u0161nje paketi\u0107e"},"content":{"rendered":"<div class=\"text-wrapper\">\n<p><!--CONTENT SECTION BEGIN --><\/p>\n<p><strong>\u010cestitaju\u0107i Novu godinu, uz mnogo lepih \u017eelja, \u010dlanovi fondacije \u201dZajedno za osmeh\u201d podelili su novogodi\u0161nje paketi\u0107e najmla\u0111ima.<\/strong><\/p>\n<p>&nbsp;<\/p>\n<p>Novogodi\u0161nji pokloni su podeljeni deci na hemato-onkolo\u0161kom odeljenju u Institutu za zdravstvenu za\u0161titu majke i deteta \u201dDr Vukan \u010cupi\u0107\u201d, svrati\u0161tu za decu na Zvezdari i romskom naselju na Karaburmi.<\/p>\n<p>&nbsp;<\/p>\n<p>\u201dOvom akcijom, \u017eeleli smo da na\u0161im najmla\u0111ima, onima koji na\u017ealost nemaju mogu\u0107nost da dobiju poklon i onima koji su zbog zdravstvenog stanja u bolnici, bar na kratko vratimo osmehe na lica. Sumiraju\u0107i utiske sa ovih akcija siguran sam da smo to uspeli\u201d, rekao je Goran Petrovi\u0107, upravitelj Fondacije \u201dZajedno za osmeh\u201d.<\/p>\n<p>&nbsp;<\/p>\n<p>On je tako\u0111e rekao da je ovo po\u010detak aktivnog u\u010de\u0161\u0107a fondacije u pomo\u0107i za re\u0161avanje problema ugro\u017eenog dela najmla\u0111e populacije i da \u0107e fondacija u Novoj godini iza\u0107i sa nekoliko konkretnih predloga, mera i projekata kada je u pitanju pobolj\u0161anje uslova \u017eivota ugro\u017eenih kategorija stanovni\u0161tva, a naro\u010dito dece.<\/p>\n<p>&nbsp;<\/p>\n<p>U akciji podele paketi\u0107a podeljeno je 300 novogodi\u0161njih poklona.<\/p>\n<p>&nbsp;<\/p>\n<p>Fondacija \u201dZajedno za osmeh\u201d zahvaljuje se prijateljima iz Fondacije \u201dHumano srce\u201d iz \u0160apca i Adri na pomo\u0107i za realizaciju ovih akcija.<\/p>\n<p><img loading=\"lazy\" class=\"aligncenter wp-image-1410 size-full\" src=\"http:\/\/media.zajednozaosmeh.consultech.rs\/2019\/10\/IMG_3029.jpg\" alt=\"\" width=\"960\" height=\"720\" srcset=\"http:\/\/media.zajednozaosmeh.com\/2019\/10\/IMG_3029.jpg 960w, http:\/\/media.zajednozaosmeh.com\/2019\/10\/IMG_3029-300x225.jpg 300w, http:\/\/media.zajednozaosmeh.com\/2019\/10\/IMG_3029-768x576.jpg 768w\" sizes=\"(max-width: 960px) 100vw, 960px\" \/><\/p>\n<p><img loading=\"lazy\" class=\"aligncenter wp-image-1393 size-full\" src=\"http:\/\/media.zajednozaosmeh.consultech.rs\/2019\/10\/IMG_2531-scaled.jpg\" alt=\"\" width=\"1920\" height=\"2560\" srcset=\"http:\/\/media.zajednozaosmeh.com\/2019\/10\/IMG_2531-scaled.jpg 1920w, http:\/\/media.zajednozaosmeh.com\/2019\/10\/IMG_2531-225x300.jpg 225w, http:\/\/media.zajednozaosmeh.com\/2019\/10\/IMG_2531-768x1024.jpg 768w, http:\/\/media.zajednozaosmeh.com\/2019\/10\/IMG_2531-1152x1536.jpg 1152w, http:\/\/media.zajednozaosmeh.com\/2019\/10\/IMG_2531-1536x2048.jpg 1536w\" sizes=\"(max-width: 1920px) 100vw, 1920px\" \/><\/p>\n<p><img loading=\"lazy\" class=\"aligncenter wp-image-1395 size-large\" src=\"http:\/\/media.zajednozaosmeh.consultech.rs\/2019\/10\/IMG_2567-1024x768.jpg\" alt=\"\" width=\"1024\" height=\"768\" srcset=\"http:\/\/media.zajednozaosmeh.com\/2019\/10\/IMG_2567-1024x768.jpg 1024w, http:\/\/media.zajednozaosmeh.com\/2019\/10\/IMG_2567-300x225.jpg 300w, http:\/\/media.zajednozaosmeh.com\/2019\/10\/IMG_2567-768x576.jpg 768w, http:\/\/media.zajednozaosmeh.com\/2019\/10\/IMG_2567.jpg 1280w\" sizes=\"(max-width: 1024px) 100vw, 1024px\" \/><\/p>\n<p><img loading=\"lazy\" class=\"aligncenter wp-image-1394 size-large\" src=\"http:\/\/media.zajednozaosmeh.consultech.rs\/2019\/10\/IMG_2566-1024x768.jpg\" alt=\"\" width=\"1024\" height=\"768\" srcset=\"http:\/\/media.zajednozaosmeh.com\/2019\/10\/IMG_2566-1024x768.jpg 1024w, http:\/\/media.zajednozaosmeh.com\/2019\/10\/IMG_2566-300x225.jpg 300w, http:\/\/media.zajednozaosmeh.com\/2019\/10\/IMG_2566-768x576.jpg 768w, http:\/\/media.zajednozaosmeh.com\/2019\/10\/IMG_2566.jpg 1280w\" sizes=\"(max-width: 1024px) 100vw, 1024px\" \/><\/p>\n<p><img loading=\"lazy\" class=\"aligncenter wp-image-1396 size-large\" src=\"http:\/\/media.zajednozaosmeh.consultech.rs\/2019\/10\/IMG_2568-768x1024.jpg\" alt=\"\" width=\"768\" height=\"1024\" srcset=\"http:\/\/media.zajednozaosmeh.com\/2019\/10\/IMG_2568-768x1024.jpg 768w, http:\/\/media.zajednozaosmeh.com\/2019\/10\/IMG_2568-225x300.jpg 225w, http:\/\/media.zajednozaosmeh.com\/2019\/10\/IMG_2568.jpg 960w\" sizes=\"(max-width: 768px) 100vw, 768px\" \/><\/p>\n<p><img loading=\"lazy\" class=\"aligncenter wp-image-1397 size-large\" src=\"http:\/\/media.zajednozaosmeh.consultech.rs\/2019\/10\/IMG_2569-768x1024.jpg\" alt=\"\" width=\"768\" height=\"1024\" srcset=\"http:\/\/media.zajednozaosmeh.com\/2019\/10\/IMG_2569-768x1024.jpg 768w, http:\/\/media.zajednozaosmeh.com\/2019\/10\/IMG_2569-225x300.jpg 225w, http:\/\/media.zajednozaosmeh.com\/2019\/10\/IMG_2569.jpg 960w\" sizes=\"(max-width: 768px) 100vw, 768px\" \/><\/p>\n<p><img loading=\"lazy\" class=\"aligncenter wp-image-1398 size-large\" src=\"http:\/\/media.zajednozaosmeh.consultech.rs\/2019\/10\/IMG_2570-1024x768.jpg\" alt=\"\" width=\"1024\" height=\"768\" srcset=\"http:\/\/media.zajednozaosmeh.com\/2019\/10\/IMG_2570-1024x768.jpg 1024w, http:\/\/media.zajednozaosmeh.com\/2019\/10\/IMG_2570-300x225.jpg 300w, http:\/\/media.zajednozaosmeh.com\/2019\/10\/IMG_2570-768x576.jpg 768w, http:\/\/media.zajednozaosmeh.com\/2019\/10\/IMG_2570.jpg 1280w\" sizes=\"(max-width: 1024px) 100vw, 1024px\" \/><\/p>\n<p><img loading=\"lazy\" class=\"aligncenter wp-image-1399 size-large\" src=\"http:\/\/media.zajednozaosmeh.consultech.rs\/2019\/10\/IMG_2571-1024x768.jpg\" alt=\"\" width=\"1024\" height=\"768\" srcset=\"http:\/\/media.zajednozaosmeh.com\/2019\/10\/IMG_2571-1024x768.jpg 1024w, http:\/\/media.zajednozaosmeh.com\/2019\/10\/IMG_2571-300x225.jpg 300w, http:\/\/media.zajednozaosmeh.com\/2019\/10\/IMG_2571-768x576.jpg 768w, http:\/\/media.zajednozaosmeh.com\/2019\/10\/IMG_2571.jpg 1280w\" sizes=\"(max-width: 1024px) 100vw, 1024px\" \/><\/p>\n<p><img loading=\"lazy\" class=\"aligncenter wp-image-1400 size-large\" src=\"http:\/\/media.zajednozaosmeh.consultech.rs\/2019\/10\/IMG_2572-768x1024.jpg\" alt=\"\" width=\"768\" height=\"1024\" srcset=\"http:\/\/media.zajednozaosmeh.com\/2019\/10\/IMG_2572-768x1024.jpg 768w, http:\/\/media.zajednozaosmeh.com\/2019\/10\/IMG_2572-225x300.jpg 225w, http:\/\/media.zajednozaosmeh.com\/2019\/10\/IMG_2572.jpg 960w\" sizes=\"(max-width: 768px) 100vw, 768px\" \/><\/p>\n<p><img loading=\"lazy\" class=\"aligncenter wp-image-1401 size-large\" src=\"http:\/\/media.zajednozaosmeh.consultech.rs\/2019\/10\/IMG_2573-1024x768.jpg\" alt=\"\" width=\"1024\" height=\"768\" srcset=\"http:\/\/media.zajednozaosmeh.com\/2019\/10\/IMG_2573-1024x768.jpg 1024w, http:\/\/media.zajednozaosmeh.com\/2019\/10\/IMG_2573-300x225.jpg 300w, http:\/\/media.zajednozaosmeh.com\/2019\/10\/IMG_2573-768x576.jpg 768w, http:\/\/media.zajednozaosmeh.com\/2019\/10\/IMG_2573.jpg 1280w\" sizes=\"(max-width: 1024px) 100vw, 1024px\" \/><\/p>\n<p><img loading=\"lazy\" class=\"aligncenter wp-image-1402 size-large\" src=\"http:\/\/media.zajednozaosmeh.consultech.rs\/2019\/10\/IMG_2575-1024x768.jpg\" alt=\"\" width=\"1024\" height=\"768\" srcset=\"http:\/\/media.zajednozaosmeh.com\/2019\/10\/IMG_2575-1024x768.jpg 1024w, http:\/\/media.zajednozaosmeh.com\/2019\/10\/IMG_2575-300x225.jpg 300w, http:\/\/media.zajednozaosmeh.com\/2019\/10\/IMG_2575-768x576.jpg 768w, http:\/\/media.zajednozaosmeh.com\/2019\/10\/IMG_2575.jpg 1280w\" sizes=\"(max-width: 1024px) 100vw, 1024px\" \/><\/p>\n<p><img loading=\"lazy\" class=\"aligncenter wp-image-1403 size-large\" src=\"http:\/\/media.zajednozaosmeh.consultech.rs\/2019\/10\/IMG_2576-768x1024.jpg\" alt=\"\" width=\"768\" height=\"1024\" srcset=\"http:\/\/media.zajednozaosmeh.com\/2019\/10\/IMG_2576-768x1024.jpg 768w, http:\/\/media.zajednozaosmeh.com\/2019\/10\/IMG_2576-225x300.jpg 225w, http:\/\/media.zajednozaosmeh.com\/2019\/10\/IMG_2576.jpg 960w\" sizes=\"(max-width: 768px) 100vw, 768px\" \/><\/p>\n<p><img loading=\"lazy\" class=\"aligncenter wp-image-1404 size-large\" src=\"http:\/\/media.zajednozaosmeh.consultech.rs\/2019\/10\/IMG_2577-1024x768.jpg\" alt=\"\" width=\"1024\" height=\"768\" srcset=\"http:\/\/media.zajednozaosmeh.com\/2019\/10\/IMG_2577-1024x768.jpg 1024w, http:\/\/media.zajednozaosmeh.com\/2019\/10\/IMG_2577-300x225.jpg 300w, http:\/\/media.zajednozaosmeh.com\/2019\/10\/IMG_2577-768x576.jpg 768w, http:\/\/media.zajednozaosmeh.com\/2019\/10\/IMG_2577.jpg 1280w\" sizes=\"(max-width: 1024px) 100vw, 1024px\" \/><\/p>\n<p><img loading=\"lazy\" class=\"aligncenter wp-image-1405 size-large\" src=\"http:\/\/media.zajednozaosmeh.consultech.rs\/2019\/10\/IMG_2579-768x1024.jpg\" alt=\"\" width=\"768\" height=\"1024\" srcset=\"http:\/\/media.zajednozaosmeh.com\/2019\/10\/IMG_2579-768x1024.jpg 768w, http:\/\/media.zajednozaosmeh.com\/2019\/10\/IMG_2579-225x300.jpg 225w, http:\/\/media.zajednozaosmeh.com\/2019\/10\/IMG_2579.jpg 960w\" sizes=\"(max-width: 768px) 100vw, 768px\" \/><\/p>\n<p><img loading=\"lazy\" class=\"aligncenter wp-image-1406 size-large\" src=\"http:\/\/media.zajednozaosmeh.consultech.rs\/2019\/10\/IMG_2580-768x1024.jpg\" alt=\"\" width=\"768\" height=\"1024\" srcset=\"http:\/\/media.zajednozaosmeh.com\/2019\/10\/IMG_2580-768x1024.jpg 768w, http:\/\/media.zajednozaosmeh.com\/2019\/10\/IMG_2580-225x300.jpg 225w, http:\/\/media.zajednozaosmeh.com\/2019\/10\/IMG_2580.jpg 960w\" sizes=\"(max-width: 768px) 100vw, 768px\" \/><\/p>\n<p><img loading=\"lazy\" class=\"aligncenter wp-image-1407 size-large\" src=\"http:\/\/media.zajednozaosmeh.consultech.rs\/2019\/10\/IMG_2581-1024x768.jpg\" alt=\"\" width=\"1024\" height=\"768\" srcset=\"http:\/\/media.zajednozaosmeh.com\/2019\/10\/IMG_2581-1024x768.jpg 1024w, http:\/\/media.zajednozaosmeh.com\/2019\/10\/IMG_2581-300x225.jpg 300w, http:\/\/media.zajednozaosmeh.com\/2019\/10\/IMG_2581-768x576.jpg 768w, http:\/\/media.zajednozaosmeh.com\/2019\/10\/IMG_2581.jpg 1280w\" sizes=\"(max-width: 1024px) 100vw, 1024px\" \/><\/p>\n<p><img loading=\"lazy\" class=\"aligncenter wp-image-1408 size-large\" src=\"http:\/\/media.zajednozaosmeh.consultech.rs\/2019\/10\/IMG_2582-768x1024.jpg\" alt=\"\" width=\"768\" height=\"1024\" srcset=\"http:\/\/media.zajednozaosmeh.com\/2019\/10\/IMG_2582-768x1024.jpg 768w, http:\/\/media.zajednozaosmeh.com\/2019\/10\/IMG_2582-225x300.jpg 225w, http:\/\/media.zajednozaosmeh.com\/2019\/10\/IMG_2582.jpg 960w\" sizes=\"(max-width: 768px) 100vw, 768px\" \/><\/p>\n<p><img loading=\"lazy\" class=\"aligncenter wp-image-1409 size-large\" src=\"http:\/\/media.zajednozaosmeh.consultech.rs\/2019\/10\/IMG_2583-1024x768.jpg\" alt=\"\" width=\"1024\" height=\"768\" srcset=\"http:\/\/media.zajednozaosmeh.com\/2019\/10\/IMG_2583-1024x768.jpg 1024w, http:\/\/media.zajednozaosmeh.com\/2019\/10\/IMG_2583-300x225.jpg 300w, http:\/\/media.zajednozaosmeh.com\/2019\/10\/IMG_2583-768x576.jpg 768w, http:\/\/media.zajednozaosmeh.com\/2019\/10\/IMG_2583.jpg 1280w\" sizes=\"(max-width: 1024px) 100vw, 1024px\" \/><\/p>\n<p><!-- END CONTENT SECTION --><\/p>\n<p><!--FOOTER SECTION BEGIN --><\/p>\n<div class=\"new-site-footer\">\n<div class=\"social-icons-wrapper\">\n<div class=\"fb-icon social-icons\"><a href=\"https:\/\/www.facebook.com\/zajednozaosmeh\" target=\"_blank\" rel=\"noopener noreferrer\"><img src=\"http:\/\/zajednozaosmeh.com\/wp-content\/themes\/wp-bootstrap-starter\/inc\/assets\/images\/fb-icon.png\" alt=\"fb-icon\" \/><\/a><\/div>\n<div class=\"tw-icon social-icons\"><a href=\"https:\/\/www.instagram.com\/zajednozaosmeh\/\" target=\"_blank\" rel=\"noopener noreferrer\"><img src=\"http:\/\/zajednozaosmeh.com\/wp-content\/themes\/wp-bootstrap-starter\/inc\/assets\/images\/instagram-logo.png\" alt=\"instagram-icon\" \/><\/a><\/div>\n<div class=\"gp-icon social-icons\"><a href=\"https:\/\/www.youtube.com\/channel\/UC71IKCJMltOEsQ424vtAcNA\" target=\"_blank\" rel=\"noopener noreferrer\"><img src=\"http:\/\/zajednozaosmeh.com\/wp-content\/themes\/wp-bootstrap-starter\/inc\/assets\/images\/youtube-logo.png\" alt=\"youtube-icon\" \/><\/a><\/div>\n<\/div>\n<div class=\"copyright-text\">Copyright \u00a9 2019 Fondacija &#8211; All rights reserved<\/div>\n<\/div>\n<p><!-- END FOOTER SECTION --><\/p>\n<\/div>","protected":false},"excerpt":{"rendered":"<p>\u010cestitaju\u0107i Novu godinu, uz mnogo lepih \u017eelja, \u010dlanovi fondacije \u201dZajedno za osmeh\u201d podelili su novogodi\u0161nje paketi\u0107e najmla\u0111ima. &nbsp; Novogodi\u0161nji pokloni su podeljeni deci na hemato-onkolo\u0161kom odeljenju u Institutu za zdravstvenu za\u0161titu majke i deteta \u201dDr Vukan \u010cupi\u0107\u201d, svrati\u0161tu za decu na Zvezdari i romskom naselju na Karaburmi. &nbsp; \u201dOvom akcijom, \u017eeleli smo da na\u0161im najmla\u0111ima, [&hellip;]<\/p>\n","protected":false},"author":1,"featured_media":1744,"comment_status":"closed","ping_status":"open","sticky":false,"template":"","format":"standard","meta":[],"categories":[3],"tags":[],"_links":{"self":[{"href":"http:\/\/zajednozaosmeh.com\/en\/wp-json\/wp\/v2\/posts\/387"}],"collection":[{"href":"http:\/\/zajednozaosmeh.com\/en\/wp-json\/wp\/v2\/posts"}],"about":[{"href":"http:\/\/zajednozaosmeh.com\/en\/wp-json\/wp\/v2\/types\/post"}],"author":[{"embeddable":true,"href":"http:\/\/zajednozaosmeh.com\/en\/wp-json\/wp\/v2\/users\/1"}],"replies":[{"embeddable":true,"href":"http:\/\/zajednozaosmeh.com\/en\/wp-json\/wp\/v2\/comments?post=387"}],"version-history":[{"count":23,"href":"http:\/\/zajednozaosmeh.com\/en\/wp-json\/wp\/v2\/posts\/387\/revisions"}],"predecessor-version":[{"id":2202,"href":"http:\/\/zajednozaosmeh.com\/en\/wp-json\/wp\/v2\/posts\/387\/revisions\/2202"}],"wp:featuredmedia":[{"embeddable":true,"href":"http:\/\/zajednozaosmeh.com\/en\/wp-json\/wp\/v2\/media\/1744"}],"wp:attachment":[{"href":"http:\/\/zajednozaosmeh.com\/en\/wp-json\/wp\/v2\/media?parent=387"}],"wp:term":[{"taxonomy":"category","embeddable":true,"href":"http:\/\/zajednozaosmeh.com\/en\/wp-json\/wp\/v2\/categories?post=387"},{"taxonomy":"post_tag","embeddable":true,"href":"http:\/\/zajednozaosmeh.com\/en\/wp-json\/wp\/v2\/tags?post=387"}],"curies":[{"name":"wp","href":"https:\/\/api.w.org\/{rel}","templated":true}]}}