{"id":1945,"date":"2020-08-25T22:03:35","date_gmt":"2020-08-25T22:03:35","guid":{"rendered":"http:\/\/zajednozaosmeh.com\/?p=1945"},"modified":"2020-09-18T20:20:08","modified_gmt":"2020-09-18T20:20:08","slug":"urucena-pomoc-porodici-sa-10-dece-iz-belegisa","status":"publish","type":"post","link":"http:\/\/zajednozaosmeh.com\/en\/urucena-pomoc-porodici-sa-10-dece-iz-belegisa\/","title":{"rendered":"Uru\u010dena pomo\u0107 porodici sa desetoro dece iz Belegi\u0161a"},"content":{"rendered":"<div class=\"text-wrapper\">\n<p><!--CONTENT SECTION BEGIN --><\/p>\n<p>U sklopu nastvaka humanitarne akcije podeljena je pomo\u0107 porodici sa desetoro dece iz Belegi\u0161a.<br \/>\nPozivamo sve humane ljude da se priklju\u010de akciji i pomognu onima kojima je pomo\u0107 potrebna.<\/p>\n<p>Hvala na\u0161im prijateljima iz DM i Banke hrane na donaciji.<\/p>\n<p><img loading=\"lazy\" src=\"http:\/\/media.zajednozaosmeh.com\/2020\/08\/222_censored-225x300.jpg\" alt=\"\" width=\"225\" height=\"300\" class=\"alignnone size-medium wp-image-1947\" srcset=\"http:\/\/media.zajednozaosmeh.com\/2020\/08\/222_censored-225x300.jpg 225w, http:\/\/media.zajednozaosmeh.com\/2020\/08\/222_censored-768x1024.jpg 768w, http:\/\/media.zajednozaosmeh.com\/2020\/08\/222_censored-1152x1536.jpg 1152w, http:\/\/media.zajednozaosmeh.com\/2020\/08\/222_censored.jpg 1200w\" sizes=\"(max-width: 225px) 100vw, 225px\" \/><br \/>\n<img loading=\"lazy\" src=\"http:\/\/media.zajednozaosmeh.com\/2020\/08\/1123_censored-225x300.jpg\" alt=\"\" width=\"225\" height=\"300\" class=\"alignnone size-medium wp-image-1948\" srcset=\"http:\/\/media.zajednozaosmeh.com\/2020\/08\/1123_censored-225x300.jpg 225w, http:\/\/media.zajednozaosmeh.com\/2020\/08\/1123_censored-768x1024.jpg 768w, http:\/\/media.zajednozaosmeh.com\/2020\/08\/1123_censored-1152x1536.jpg 1152w, http:\/\/media.zajednozaosmeh.com\/2020\/08\/1123_censored.jpg 1200w\" sizes=\"(max-width: 225px) 100vw, 225px\" \/><br \/>\n<img loading=\"lazy\" src=\"http:\/\/media.zajednozaosmeh.com\/2020\/08\/viber_imag1233e_2020-08-25_15-16-43_censored-1-225x300.jpg\" alt=\"\" width=\"225\" height=\"300\" class=\"alignnone size-medium wp-image-1949\" srcset=\"http:\/\/media.zajednozaosmeh.com\/2020\/08\/viber_imag1233e_2020-08-25_15-16-43_censored-1-225x300.jpg 225w, http:\/\/media.zajednozaosmeh.com\/2020\/08\/viber_imag1233e_2020-08-25_15-16-43_censored-1-768x1024.jpg 768w, http:\/\/media.zajednozaosmeh.com\/2020\/08\/viber_imag1233e_2020-08-25_15-16-43_censored-1-1152x1536.jpg 1152w, http:\/\/media.zajednozaosmeh.com\/2020\/08\/viber_imag1233e_2020-08-25_15-16-43_censored-1.jpg 1200w\" sizes=\"(max-width: 225px) 100vw, 225px\" \/><\/p>\n<p><img loading=\"lazy\" src=\"http:\/\/media.zajednozaosmeh.com\/2020\/08\/viber_image_2020-08-25_15-16-426_censored-225x300.jpg\" alt=\"\" width=\"225\" height=\"300\" class=\"alignnone size-medium wp-image-1950\" srcset=\"http:\/\/media.zajednozaosmeh.com\/2020\/08\/viber_image_2020-08-25_15-16-426_censored-225x300.jpg 225w, http:\/\/media.zajednozaosmeh.com\/2020\/08\/viber_image_2020-08-25_15-16-426_censored-768x1024.jpg 768w, http:\/\/media.zajednozaosmeh.com\/2020\/08\/viber_image_2020-08-25_15-16-426_censored-1152x1536.jpg 1152w, http:\/\/media.zajednozaosmeh.com\/2020\/08\/viber_image_2020-08-25_15-16-426_censored.jpg 1200w\" sizes=\"(max-width: 225px) 100vw, 225px\" \/><\/p>\n<p><img loading=\"lazy\" src=\"http:\/\/media.zajednozaosmeh.com\/2020\/08\/viber_image_2020-08-25_15-16-4234_censored-225x300.jpg\" alt=\"\" width=\"225\" height=\"300\" class=\"alignnone size-medium wp-image-1951\" srcset=\"http:\/\/media.zajednozaosmeh.com\/2020\/08\/viber_image_2020-08-25_15-16-4234_censored-225x300.jpg 225w, http:\/\/media.zajednozaosmeh.com\/2020\/08\/viber_image_2020-08-25_15-16-4234_censored-768x1024.jpg 768w, http:\/\/media.zajednozaosmeh.com\/2020\/08\/viber_image_2020-08-25_15-16-4234_censored-1152x1536.jpg 1152w, http:\/\/media.zajednozaosmeh.com\/2020\/08\/viber_image_2020-08-25_15-16-4234_censored.jpg 1200w\" sizes=\"(max-width: 225px) 100vw, 225px\" \/><\/p>\n<p><img loading=\"lazy\" src=\"http:\/\/media.zajednozaosmeh.com\/2020\/08\/viber_image_2020-08-25_15-163-43_censored-225x300.jpg\" alt=\"\" width=\"225\" height=\"300\" class=\"alignnone size-medium wp-image-1952\" srcset=\"http:\/\/media.zajednozaosmeh.com\/2020\/08\/viber_image_2020-08-25_15-163-43_censored-225x300.jpg 225w, http:\/\/media.zajednozaosmeh.com\/2020\/08\/viber_image_2020-08-25_15-163-43_censored-768x1024.jpg 768w, http:\/\/media.zajednozaosmeh.com\/2020\/08\/viber_image_2020-08-25_15-163-43_censored-1152x1536.jpg 1152w, http:\/\/media.zajednozaosmeh.com\/2020\/08\/viber_image_2020-08-25_15-163-43_censored.jpg 1200w\" sizes=\"(max-width: 225px) 100vw, 225px\" \/><\/p>\n<p><img loading=\"lazy\" src=\"http:\/\/media.zajednozaosmeh.com\/2020\/08\/viber_image_20250-08-25_15-16-43_censored-225x300.jpg\" alt=\"\" width=\"225\" height=\"300\" class=\"alignnone size-medium wp-image-1953\" srcset=\"http:\/\/media.zajednozaosmeh.com\/2020\/08\/viber_image_20250-08-25_15-16-43_censored-225x300.jpg 225w, http:\/\/media.zajednozaosmeh.com\/2020\/08\/viber_image_20250-08-25_15-16-43_censored-768x1024.jpg 768w, http:\/\/media.zajednozaosmeh.com\/2020\/08\/viber_image_20250-08-25_15-16-43_censored-1152x1536.jpg 1152w, http:\/\/media.zajednozaosmeh.com\/2020\/08\/viber_image_20250-08-25_15-16-43_censored.jpg 1200w\" sizes=\"(max-width: 225px) 100vw, 225px\" \/><\/p>\n<p><img loading=\"lazy\" src=\"http:\/\/media.zajednozaosmeh.com\/2020\/08\/viber_image_202220-08-25_15-16-43_censored-225x300.jpg\" alt=\"\" width=\"225\" height=\"300\" class=\"alignnone size-medium wp-image-1954\" srcset=\"http:\/\/media.zajednozaosmeh.com\/2020\/08\/viber_image_202220-08-25_15-16-43_censored-225x300.jpg 225w, http:\/\/media.zajednozaosmeh.com\/2020\/08\/viber_image_202220-08-25_15-16-43_censored-768x1024.jpg 768w, http:\/\/media.zajednozaosmeh.com\/2020\/08\/viber_image_202220-08-25_15-16-43_censored-1152x1536.jpg 1152w, http:\/\/media.zajednozaosmeh.com\/2020\/08\/viber_image_202220-08-25_15-16-43_censored.jpg 1200w\" sizes=\"(max-width: 225px) 100vw, 225px\" \/><\/p>\n<p><img loading=\"lazy\" src=\"http:\/\/media.zajednozaosmeh.com\/2020\/08\/viber_image_20234520-08-25_15-16-43_censored-225x300.jpg\" alt=\"\" width=\"225\" height=\"300\" class=\"alignnone size-medium wp-image-1955\" srcset=\"http:\/\/media.zajednozaosmeh.com\/2020\/08\/viber_image_20234520-08-25_15-16-43_censored-225x300.jpg 225w, http:\/\/media.zajednozaosmeh.com\/2020\/08\/viber_image_20234520-08-25_15-16-43_censored-768x1024.jpg 768w, http:\/\/media.zajednozaosmeh.com\/2020\/08\/viber_image_20234520-08-25_15-16-43_censored-1152x1536.jpg 1152w, http:\/\/media.zajednozaosmeh.com\/2020\/08\/viber_image_20234520-08-25_15-16-43_censored.jpg 1200w\" sizes=\"(max-width: 225px) 100vw, 225px\" \/><\/p>\n<p><!-- END CONTENT SECTION --><\/p>\n<p><!--FOOTER SECTION BEGIN --><\/p>\n<div class=\"new-site-footer\">\n<div class=\"social-icons-wrapper\">\n<div class=\"fb-icon social-icons\"><a href=\"https:\/\/www.facebook.com\/zajednozaosmeh\" target=\"_blank\" rel=\"noopener noreferrer\"><img src=\"http:\/\/zajednozaosmeh.com\/wp-content\/themes\/wp-bootstrap-starter\/inc\/assets\/images\/fb-icon.png\" alt=\"fb-icon\" \/><\/a><\/div>\n<div class=\"tw-icon social-icons\"><a href=\"https:\/\/www.instagram.com\/zajednozaosmeh\/\" target=\"_blank\" rel=\"noopener noreferrer\"><img src=\"http:\/\/zajednozaosmeh.com\/wp-content\/themes\/wp-bootstrap-starter\/inc\/assets\/images\/instagram-logo.png\" alt=\"instagram-icon\" \/><\/a><\/div>\n<div class=\"gp-icon social-icons\"><a href=\"https:\/\/www.youtube.com\/channel\/UC71IKCJMltOEsQ424vtAcNA\" target=\"_blank\" rel=\"noopener noreferrer\"><img src=\"http:\/\/zajednozaosmeh.com\/wp-content\/themes\/wp-bootstrap-starter\/inc\/assets\/images\/youtube-logo.png\" alt=\"youtube-icon\" \/><\/a><\/div>\n<\/div>\n<div class=\"copyright-text\">Copyright \u00a9 2019 Fondacija &#8211; All rights reserved<\/div>\n<\/div>\n<p><!-- END FOOTER SECTION --><\/p>\n<\/div>","protected":false},"excerpt":{"rendered":"<p>U sklopu nastvaka humanitarne akcije podeljena je pomo\u0107 porodici sa desetoro dece iz Belegi\u0161a. Pozivamo sve humane ljude da se priklju\u010de akciji i pomognu onima kojima je pomo\u0107 potrebna. Hvala na\u0161im prijateljima iz DM i Banke hrane na donaciji. Copyright \u00a9 2019 Fondacija &#8211; All rights reserved<\/p>","protected":false},"author":1,"featured_media":1969,"comment_status":"closed","ping_status":"open","sticky":false,"template":"","format":"standard","meta":[],"categories":[3],"tags":[],"_links":{"self":[{"href":"http:\/\/zajednozaosmeh.com\/en\/wp-json\/wp\/v2\/posts\/1945"}],"collection":[{"href":"http:\/\/zajednozaosmeh.com\/en\/wp-json\/wp\/v2\/posts"}],"about":[{"href":"http:\/\/zajednozaosmeh.com\/en\/wp-json\/wp\/v2\/types\/post"}],"author":[{"embeddable":true,"href":"http:\/\/zajednozaosmeh.com\/en\/wp-json\/wp\/v2\/users\/1"}],"replies":[{"embeddable":true,"href":"http:\/\/zajednozaosmeh.com\/en\/wp-json\/wp\/v2\/comments?post=1945"}],"version-history":[{"count":3,"href":"http:\/\/zajednozaosmeh.com\/en\/wp-json\/wp\/v2\/posts\/1945\/revisions"}],"predecessor-version":[{"id":1970,"href":"http:\/\/zajednozaosmeh.com\/en\/wp-json\/wp\/v2\/posts\/1945\/revisions\/1970"}],"wp:featuredmedia":[{"embeddable":true,"href":"http:\/\/zajednozaosmeh.com\/en\/wp-json\/wp\/v2\/media\/1969"}],"wp:attachment":[{"href":"http:\/\/zajednozaosmeh.com\/en\/wp-json\/wp\/v2\/media?parent=1945"}],"wp:term":[{"taxonomy":"category","embeddable":true,"href":"http:\/\/zajednozaosmeh.com\/en\/wp-json\/wp\/v2\/categories?post=1945"},{"taxonomy":"post_tag","embeddable":true,"href":"http:\/\/zajednozaosmeh.com\/en\/wp-json\/wp\/v2\/tags?post=1945"}],"curies":[{"name":"wp","href":"https:\/\/api.w.org\/{rel}","templated":true}]}}