{"id":1938,"date":"2020-08-22T17:16:12","date_gmt":"2020-08-22T17:16:12","guid":{"rendered":"http:\/\/zajednozaosmeh.com\/?p=1938"},"modified":"2020-09-18T20:17:06","modified_gmt":"2020-09-18T20:17:06","slug":"besplatna-poseta-spomen-zbirci-pavla-beljanskog","status":"publish","type":"post","link":"http:\/\/zajednozaosmeh.com\/en\/besplatna-poseta-spomen-zbirci-pavla-beljanskog\/","title":{"rendered":"Besplatna poseta Spomen-zbirci Pavla Beljanskog"},"content":{"rendered":"<div class=\"text-wrapper\">\n<p><!--CONTENT SECTION BEGIN --><\/p>\n<p>Za one koji ne znaju, Pavle Beljanski je jugoslovesnki diplomata, nosilac velikog broja doma\u0107ih i stranih odlikovanja od kojih su najzna\u010dajnija Orden Legije \u010dasti (1927), Orden Belog orla (1928), Orden Svetog Save (1939), Orden Jugoslovenske zastave (1954), belgijski Orden Leopolda IV stepena i Orden Italijanske krune II stepena. Tokom \u017eivota sakupljao je umetni\u010dka dela srpskih umetnika. Spomen-zbirka Pavla Beljanskog \u010duva upravo antologijska dela srpske moderne umetnosti prve polovine XX veka, dar \u010duvenog kolekcionara \u010dije ime nosi. Uz stalnu postavku posetioci mogu videti i Memorijal umetnika i Memorijal Pavla Beljanskog.<\/p>\n<p>Spomen zbirka omogu\u0107ava besplatan ulaz za decu (uz jednog punoletnog pratioca)  i adolescente obolele od najte\u017eih bolesti, uz posedovanje identifikacione kartice fondacije &#8222;Zajedno za osmeh&#8220;.<\/p>\n<p><!-- END CONTENT SECTION --><\/p>\n<p><!--FOOTER SECTION BEGIN --><\/p>\n<div class=\"new-site-footer\">\n<div class=\"social-icons-wrapper\">\n<div class=\"fb-icon social-icons\"><a href=\"https:\/\/www.facebook.com\/zajednozaosmeh\" target=\"_blank\" rel=\"noopener noreferrer\"><img src=\"http:\/\/zajednozaosmeh.com\/wp-content\/themes\/wp-bootstrap-starter\/inc\/assets\/images\/fb-icon.png\" alt=\"fb-icon\" \/><\/a><\/div>\n<div class=\"tw-icon social-icons\"><a href=\"https:\/\/www.instagram.com\/zajednozaosmeh\/\" target=\"_blank\" rel=\"noopener noreferrer\"><img src=\"http:\/\/zajednozaosmeh.com\/wp-content\/themes\/wp-bootstrap-starter\/inc\/assets\/images\/instagram-logo.png\" alt=\"instagram-icon\" \/><\/a><\/div>\n<div class=\"gp-icon social-icons\"><a href=\"https:\/\/www.youtube.com\/channel\/UC71IKCJMltOEsQ424vtAcNA\" target=\"_blank\" rel=\"noopener noreferrer\"><img src=\"http:\/\/zajednozaosmeh.com\/wp-content\/themes\/wp-bootstrap-starter\/inc\/assets\/images\/youtube-logo.png\" alt=\"youtube-icon\" \/><\/a><\/div>\n<\/div>\n<div class=\"copyright-text\">Copyright \u00a9 2019 Fondacija &#8211; All rights reserved<\/div>\n<\/div>\n<p><!-- END FOOTER SECTION --><\/p>\n<\/div>","protected":false},"excerpt":{"rendered":"<p>Za one koji ne znaju, Pavle Beljanski je jugoslovesnki diplomata, nosilac velikog broja doma\u0107ih i stranih odlikovanja od kojih su najzna\u010dajnija Orden Legije \u010dasti (1927), Orden Belog orla (1928), Orden Svetog Save (1939), Orden Jugoslovenske zastave (1954), belgijski Orden Leopolda IV stepena i Orden Italijanske krune II stepena. Tokom \u017eivota sakupljao je umetni\u010dka dela srpskih [&hellip;]<\/p>\n","protected":false},"author":1,"featured_media":1968,"comment_status":"closed","ping_status":"open","sticky":false,"template":"","format":"standard","meta":[],"categories":[3],"tags":[],"_links":{"self":[{"href":"http:\/\/zajednozaosmeh.com\/en\/wp-json\/wp\/v2\/posts\/1938"}],"collection":[{"href":"http:\/\/zajednozaosmeh.com\/en\/wp-json\/wp\/v2\/posts"}],"about":[{"href":"http:\/\/zajednozaosmeh.com\/en\/wp-json\/wp\/v2\/types\/post"}],"author":[{"embeddable":true,"href":"http:\/\/zajednozaosmeh.com\/en\/wp-json\/wp\/v2\/users\/1"}],"replies":[{"embeddable":true,"href":"http:\/\/zajednozaosmeh.com\/en\/wp-json\/wp\/v2\/comments?post=1938"}],"version-history":[{"count":2,"href":"http:\/\/zajednozaosmeh.com\/en\/wp-json\/wp\/v2\/posts\/1938\/revisions"}],"predecessor-version":[{"id":1966,"href":"http:\/\/zajednozaosmeh.com\/en\/wp-json\/wp\/v2\/posts\/1938\/revisions\/1966"}],"wp:featuredmedia":[{"embeddable":true,"href":"http:\/\/zajednozaosmeh.com\/en\/wp-json\/wp\/v2\/media\/1968"}],"wp:attachment":[{"href":"http:\/\/zajednozaosmeh.com\/en\/wp-json\/wp\/v2\/media?parent=1938"}],"wp:term":[{"taxonomy":"category","embeddable":true,"href":"http:\/\/zajednozaosmeh.com\/en\/wp-json\/wp\/v2\/categories?post=1938"},{"taxonomy":"post_tag","embeddable":true,"href":"http:\/\/zajednozaosmeh.com\/en\/wp-json\/wp\/v2\/tags?post=1938"}],"curies":[{"name":"wp","href":"https:\/\/api.w.org\/{rel}","templated":true}]}}