{"id":1931,"date":"2020-08-20T19:47:14","date_gmt":"2020-08-20T19:47:14","guid":{"rendered":"http:\/\/zajednozaosmeh.com\/?p=1931"},"modified":"2020-09-18T20:13:09","modified_gmt":"2020-09-18T20:13:09","slug":"pomoc-porodicama-sa-decom","status":"publish","type":"post","link":"http:\/\/zajednozaosmeh.com\/en\/pomoc-porodicama-sa-decom\/","title":{"rendered":"Pomo\u0107 porodicama sa decom"},"content":{"rendered":"<div class=\"text-wrapper\">\n<p><!--CONTENT SECTION BEGIN --><\/p>\n<p>U okivru akcije pomo\u0107i porodicama sa decom koje \u017eive na rubu egzistencije \u010dlanovi na\u0161e fodnacije podelili su humanitranu pomo\u0107.<\/p>\n<p>Obi\u0161li smo delet porodica i podelili humanitarne pakete hrane od 20kg i ku\u0107ne hemije tako\u0111e od 20kg.<\/p>\n<p>Hvala na\u0161im partnerima Banci hrane i kompaniji DM na donaciji potrebnih proizvoda.<\/p>\n<p>Mi \u0107emo i u narednom periodu nastaviti da obilazimo i poma\u017emo one kojima je pomo\u0107 potrebna.<br \/>\nPozivamo sve gra\u0111ane i privredne subjekte da nam se jave, ukoliko \u017eele da se priklju\u010de ovoj akciji.<\/p>\n<p><img loading=\"lazy\" src=\"http:\/\/media.zajednozaosmeh.com\/2020\/08\/IMG_8643_censored-300x225.jpg\" alt=\"\" width=\"300\" height=\"225\" class=\"alignnone size-medium wp-image-1933\" srcset=\"http:\/\/media.zajednozaosmeh.com\/2020\/08\/IMG_8643_censored-300x225.jpg 300w, http:\/\/media.zajednozaosmeh.com\/2020\/08\/IMG_8643_censored-1024x768.jpg 1024w, http:\/\/media.zajednozaosmeh.com\/2020\/08\/IMG_8643_censored-768x576.jpg 768w, http:\/\/media.zajednozaosmeh.com\/2020\/08\/IMG_8643_censored-1536x1152.jpg 1536w, http:\/\/media.zajednozaosmeh.com\/2020\/08\/IMG_8643_censored.jpg 2048w\" sizes=\"(max-width: 300px) 100vw, 300px\" \/><br \/>\n<img loading=\"lazy\" src=\"http:\/\/media.zajednozaosmeh.com\/2020\/08\/IMG_5910-300x225.jpg\" alt=\"\" width=\"300\" height=\"225\" class=\"alignnone size-medium wp-image-1934\" srcset=\"http:\/\/media.zajednozaosmeh.com\/2020\/08\/IMG_5910-300x225.jpg 300w, http:\/\/media.zajednozaosmeh.com\/2020\/08\/IMG_5910-1024x768.jpg 1024w, http:\/\/media.zajednozaosmeh.com\/2020\/08\/IMG_5910-768x576.jpg 768w, http:\/\/media.zajednozaosmeh.com\/2020\/08\/IMG_5910-1536x1152.jpg 1536w, http:\/\/media.zajednozaosmeh.com\/2020\/08\/IMG_5910-2048x1536.jpg 2048w\" sizes=\"(max-width: 300px) 100vw, 300px\" \/><br \/>\n<img loading=\"lazy\" src=\"http:\/\/media.zajednozaosmeh.com\/2020\/08\/IMG_9784_censored-300x225.jpg\" alt=\"\" width=\"300\" height=\"225\" class=\"alignnone size-medium wp-image-1935\" srcset=\"http:\/\/media.zajednozaosmeh.com\/2020\/08\/IMG_9784_censored-300x225.jpg 300w, http:\/\/media.zajednozaosmeh.com\/2020\/08\/IMG_9784_censored-1024x768.jpg 1024w, http:\/\/media.zajednozaosmeh.com\/2020\/08\/IMG_9784_censored-768x576.jpg 768w, http:\/\/media.zajednozaosmeh.com\/2020\/08\/IMG_9784_censored-1536x1152.jpg 1536w, http:\/\/media.zajednozaosmeh.com\/2020\/08\/IMG_9784_censored.jpg 2048w\" sizes=\"(max-width: 300px) 100vw, 300px\" \/><img loading=\"lazy\" src=\"http:\/\/media.zajednozaosmeh.com\/2020\/08\/IMG_7328-225x300.jpg\" alt=\"\" width=\"225\" height=\"300\" class=\"alignnone size-medium wp-image-1936\" srcset=\"http:\/\/media.zajednozaosmeh.com\/2020\/08\/IMG_7328-225x300.jpg 225w, http:\/\/media.zajednozaosmeh.com\/2020\/08\/IMG_7328-768x1024.jpg 768w, http:\/\/media.zajednozaosmeh.com\/2020\/08\/IMG_7328-1152x1536.jpg 1152w, http:\/\/media.zajednozaosmeh.com\/2020\/08\/IMG_7328.jpg 1200w\" sizes=\"(max-width: 225px) 100vw, 225px\" \/><\/p>\n<p><!-- END CONTENT SECTION --><\/p>\n<p><!--FOOTER SECTION BEGIN --><\/p>\n<div class=\"new-site-footer\">\n<div class=\"social-icons-wrapper\">\n<div class=\"fb-icon social-icons\"><a href=\"https:\/\/www.facebook.com\/zajednozaosmeh\" target=\"_blank\" rel=\"noopener noreferrer\"><img src=\"http:\/\/zajednozaosmeh.com\/wp-content\/themes\/wp-bootstrap-starter\/inc\/assets\/images\/fb-icon.png\" alt=\"fb-icon\" \/><\/a><\/div>\n<div class=\"tw-icon social-icons\"><a href=\"https:\/\/www.instagram.com\/zajednozaosmeh\/\" target=\"_blank\" rel=\"noopener noreferrer\"><img src=\"http:\/\/zajednozaosmeh.com\/wp-content\/themes\/wp-bootstrap-starter\/inc\/assets\/images\/instagram-logo.png\" alt=\"instagram-icon\" \/><\/a><\/div>\n<div class=\"gp-icon social-icons\"><a href=\"https:\/\/www.youtube.com\/channel\/UC71IKCJMltOEsQ424vtAcNA\" target=\"_blank\" rel=\"noopener noreferrer\"><img src=\"http:\/\/zajednozaosmeh.com\/wp-content\/themes\/wp-bootstrap-starter\/inc\/assets\/images\/youtube-logo.png\" alt=\"youtube-icon\" \/><\/a><\/div>\n<\/div>\n<div class=\"copyright-text\">Copyright \u00a9 2019 Fondacija &#8211; All rights reserved<\/div>\n<\/div>\n<p><!-- END FOOTER SECTION --><\/p>\n<\/div>","protected":false},"excerpt":{"rendered":"<p>U okivru akcije pomo\u0107i porodicama sa decom koje \u017eive na rubu egzistencije \u010dlanovi na\u0161e fodnacije podelili su humanitranu pomo\u0107. Obi\u0161li smo delet porodica i podelili humanitarne pakete hrane od 20kg i ku\u0107ne hemije tako\u0111e od 20kg. Hvala na\u0161im partnerima Banci hrane i kompaniji DM na donaciji potrebnih proizvoda. Mi \u0107emo i u narednom periodu nastaviti [&hellip;]<\/p>\n","protected":false},"author":1,"featured_media":1963,"comment_status":"closed","ping_status":"open","sticky":false,"template":"","format":"standard","meta":[],"categories":[3],"tags":[],"_links":{"self":[{"href":"http:\/\/zajednozaosmeh.com\/en\/wp-json\/wp\/v2\/posts\/1931"}],"collection":[{"href":"http:\/\/zajednozaosmeh.com\/en\/wp-json\/wp\/v2\/posts"}],"about":[{"href":"http:\/\/zajednozaosmeh.com\/en\/wp-json\/wp\/v2\/types\/post"}],"author":[{"embeddable":true,"href":"http:\/\/zajednozaosmeh.com\/en\/wp-json\/wp\/v2\/users\/1"}],"replies":[{"embeddable":true,"href":"http:\/\/zajednozaosmeh.com\/en\/wp-json\/wp\/v2\/comments?post=1931"}],"version-history":[{"count":2,"href":"http:\/\/zajednozaosmeh.com\/en\/wp-json\/wp\/v2\/posts\/1931\/revisions"}],"predecessor-version":[{"id":1964,"href":"http:\/\/zajednozaosmeh.com\/en\/wp-json\/wp\/v2\/posts\/1931\/revisions\/1964"}],"wp:featuredmedia":[{"embeddable":true,"href":"http:\/\/zajednozaosmeh.com\/en\/wp-json\/wp\/v2\/media\/1963"}],"wp:attachment":[{"href":"http:\/\/zajednozaosmeh.com\/en\/wp-json\/wp\/v2\/media?parent=1931"}],"wp:term":[{"taxonomy":"category","embeddable":true,"href":"http:\/\/zajednozaosmeh.com\/en\/wp-json\/wp\/v2\/categories?post=1931"},{"taxonomy":"post_tag","embeddable":true,"href":"http:\/\/zajednozaosmeh.com\/en\/wp-json\/wp\/v2\/tags?post=1931"}],"curies":[{"name":"wp","href":"https:\/\/api.w.org\/{rel}","templated":true}]}}