{"id":1643,"date":"2020-02-15T12:31:44","date_gmt":"2020-02-15T12:31:44","guid":{"rendered":"http:\/\/zajednozaosmeh.com\/?p=1643"},"modified":"2020-05-19T13:05:11","modified_gmt":"2020-05-19T13:05:11","slug":"danas-je-svetski-dan-dece-obelele-od-karcinoma","status":"publish","type":"post","link":"http:\/\/zajednozaosmeh.com\/en\/danas-je-svetski-dan-dece-obelele-od-karcinoma\/","title":{"rendered":"Danas je Svetski dan dece obelele od karcinoma"},"content":{"rendered":"<div class=\"text-wrapper\">\n<p><!--CONTENT SECTION BEGIN --><br \/>\nPodse\u0107anja radi, godi\u0161nje u na\u0161oj zemlji od maligne bolesti oboli oko 330 dece i umesto da se igraju u parkovima sa drugarima, nadme\u0107u u sportskim igrama, smeju se raznim de\u010dijim smicalicama, u\u017eivaju sa svojim mamom i tatom, bra\u0107om i sestrama, oni se svakodnevno bore sa bolovima, infuzijama, tabletama, pa i samim \u017eivotom. \u0160ok, strah, nemo\u0107, a na kraju i smrt- to je sudbina svakog 7. obolelog deteta u Republici Srbiji.<\/p>\n<p>Imaju\u0107i u vidu da nam je od 1999. godine tj. nakon bombardovanja broj obolele dece u stalnom porastu, pred svima nama je jo\u0161 ve\u0107a i ja\u010da borba za tu decu, za njihovo izle\u010denje, njihov osmeh.<\/p>\n<p>Duboko verujem da su ljudi u Srbiji dobri, ljubazni, predusretljivi i blagonakloni ne samo prema stranim investicijama i turistima, ve\u0107 da u sebi nose i ono \u0161to nas je vekovima krasilo, a to je kult porodice, briga o porodici i drugima.<\/p>\n<p>Ako se pitate kako biste ba\u0161 Vi mogli da pomognete, odgovor je jednostavan.<\/p>\n<p>Po\u010dev od finansijskih donacija koje mogu biti jednokratne ili na mese\u010dnom nivou na ra\u010dun fondacije, finansiranjem raznih projekata koje za cilj imaju pove\u0107anje kvaliteta \u017eivota obolele dece.<\/p>\n<p>Dalje ne manje va\u017eno, ukoliko ste vlasnik ili rukovodilac nekog privrednog subjekta mo\u017eete da omogu\u0107ite besplatne usluge ( besplatne preglede, dijagnostiku u polikliklinikama, ordinacijama, bolnicama, zatim besplatno krstarenje, besplatan obrok u pekari, besplatan ulazak u pozori\u0161te, pesplatan me\u0111ugradski i gradski prevoz i mnoge druge..), ili proizvode za obolelu decu ili pak zna\u010dajnije popuste za Va\u0161e usluge\/proizvode ( za vi\u0161e informacija kontaktirajte fondaciju putem email-a ili na broj telefona fondacije ).<\/p>\n<p>Svako od nas poznaje bar jedno dete koje je obolelo od raka. Pomagaju\u0107i toj deci, pomo\u0107i\u0107ete sebi, da postanete bolji ljudi.<\/p>\n<p><!-- END CONTENT SECTION --><\/p>\n<p><!--FOOTER SECTION BEGIN --><\/p>\n<div class=\"new-site-footer\">\n<div class=\"social-icons-wrapper\">\n<div class=\"fb-icon social-icons\"><a href=\"https:\/\/www.facebook.com\/zajednozaosmeh\" target=\"_blank\" rel=\"noopener noreferrer\"><img src=\"http:\/\/zajednozaosmeh.com\/wp-content\/themes\/wp-bootstrap-starter\/inc\/assets\/images\/fb-icon.png\" alt=\"fb-icon\" \/><\/a><\/div>\n<div class=\"tw-icon social-icons\"><a href=\"https:\/\/www.instagram.com\/zajednozaosmeh\/\" target=\"_blank\" rel=\"noopener noreferrer\"><img src=\"http:\/\/zajednozaosmeh.com\/wp-content\/themes\/wp-bootstrap-starter\/inc\/assets\/images\/instagram-logo.png\" alt=\"instagram-icon\" \/><\/a><\/div>\n<div class=\"gp-icon social-icons\"><a href=\"https:\/\/www.youtube.com\/channel\/UC71IKCJMltOEsQ424vtAcNA\" target=\"_blank\" rel=\"noopener noreferrer\"><img src=\"http:\/\/zajednozaosmeh.com\/wp-content\/themes\/wp-bootstrap-starter\/inc\/assets\/images\/youtube-logo.png\" alt=\"youtube-icon\" \/><\/a><\/div>\n<\/div>\n<div class=\"copyright-text\">Copyright \u00a9 2019 Fondacija &#8211; All rights reserved<\/div>\n<\/div>\n<p><!-- END FOOTER SECTION --><\/p>\n<\/div>","protected":false},"excerpt":{"rendered":"<p>Podse\u0107anja radi, godi\u0161nje u na\u0161oj zemlji od maligne bolesti oboli oko 330 dece i umesto da se igraju u parkovima sa drugarima, nadme\u0107u u sportskim igrama, smeju se raznim de\u010dijim smicalicama, u\u017eivaju sa svojim mamom i tatom, bra\u0107om i sestrama, oni se svakodnevno bore sa bolovima, infuzijama, tabletama, pa i samim \u017eivotom. \u0160ok, strah, nemo\u0107, [&hellip;]<\/p>\n","protected":false},"author":1,"featured_media":1739,"comment_status":"closed","ping_status":"open","sticky":false,"template":"","format":"standard","meta":[],"categories":[3],"tags":[],"_links":{"self":[{"href":"http:\/\/zajednozaosmeh.com\/en\/wp-json\/wp\/v2\/posts\/1643"}],"collection":[{"href":"http:\/\/zajednozaosmeh.com\/en\/wp-json\/wp\/v2\/posts"}],"about":[{"href":"http:\/\/zajednozaosmeh.com\/en\/wp-json\/wp\/v2\/types\/post"}],"author":[{"embeddable":true,"href":"http:\/\/zajednozaosmeh.com\/en\/wp-json\/wp\/v2\/users\/1"}],"replies":[{"embeddable":true,"href":"http:\/\/zajednozaosmeh.com\/en\/wp-json\/wp\/v2\/comments?post=1643"}],"version-history":[{"count":2,"href":"http:\/\/zajednozaosmeh.com\/en\/wp-json\/wp\/v2\/posts\/1643\/revisions"}],"predecessor-version":[{"id":1713,"href":"http:\/\/zajednozaosmeh.com\/en\/wp-json\/wp\/v2\/posts\/1643\/revisions\/1713"}],"wp:featuredmedia":[{"embeddable":true,"href":"http:\/\/zajednozaosmeh.com\/en\/wp-json\/wp\/v2\/media\/1739"}],"wp:attachment":[{"href":"http:\/\/zajednozaosmeh.com\/en\/wp-json\/wp\/v2\/media?parent=1643"}],"wp:term":[{"taxonomy":"category","embeddable":true,"href":"http:\/\/zajednozaosmeh.com\/en\/wp-json\/wp\/v2\/categories?post=1643"},{"taxonomy":"post_tag","embeddable":true,"href":"http:\/\/zajednozaosmeh.com\/en\/wp-json\/wp\/v2\/tags?post=1643"}],"curies":[{"name":"wp","href":"https:\/\/api.w.org\/{rel}","templated":true}]}}