{"id":1613,"date":"2020-01-29T14:53:34","date_gmt":"2020-01-29T14:53:34","guid":{"rendered":"http:\/\/zajednozaosmeh.com\/?p=1613"},"modified":"2020-05-19T13:15:25","modified_gmt":"2020-05-19T13:15:25","slug":"potpisan-memorandum-o-saradnji-sa-poliklinikom-st-medicina-iz-novog-sada","status":"publish","type":"post","link":"http:\/\/zajednozaosmeh.com\/en\/potpisan-memorandum-o-saradnji-sa-poliklinikom-st-medicina-iz-novog-sada\/","title":{"rendered":"Potpisan Memorandum o saradnji sa poliklinikom &#8222;ST Medicina&#8220; iz Novog Sada"},"content":{"rendered":"<div class=\"text-wrapper\">\n<p>Fondacija &#8220; Zajedno za osmeh&#8220; potpisala je Memorandum o saradnji i razumevanju sa Poliklinikokm &#8222;ST Medicina&#8220; iz Novog Sada, kojim se svoj deci oboleloj od malignih bolesti uz prethodnu registraciju na kontakt formi na nasem sajtu\u00a0obezbe\u0111uje besplatna :<\/p>\n<p>&nbsp;<\/p>\n<p>&#8211; rtg dijagnostika (snimanje, o\u010ditavanje \u00a0od strane specijaliste radiologije,izve\u0161taj, cd.);<\/p>\n<p>&nbsp;<\/p>\n<p>&#8211; ultrazvu\u010dna dijagnostika ( abdomen, \u0161titna \u017elezda, srce, dojke sa izve\u0161tajem lekara specijaliste).<\/p>\n<p>&nbsp;<\/p>\n<p>Obuhva\u0107ena starosna dob, od 7. do navr\u0161enih 19. godina.<\/p>\n<p>&nbsp;<\/p>\n<p>Posebna zahvalnost za realizaciju ovog projekta prijateljima iz Fondacije &#8222;Humano srce \u0160apca&#8220;.<br \/>\n<!--FOOTER SECTION BEGIN --><\/p>\n<div class=\"new-site-footer\">\n<div class=\"social-icons-wrapper\">\n<div class=\"fb-icon social-icons\"><a href=\"https:\/\/www.facebook.com\/zajednozaosmeh\" target=\"_blank\" rel=\"noopener noreferrer\"><img src=\"http:\/\/zajednozaosmeh.com\/wp-content\/themes\/wp-bootstrap-starter\/inc\/assets\/images\/fb-icon.png\" alt=\"fb-icon\" \/><\/a><\/div>\n<div class=\"tw-icon social-icons\"><a href=\"https:\/\/www.instagram.com\/zajednozaosmeh\/\" target=\"_blank\" rel=\"noopener noreferrer\"><img src=\"http:\/\/zajednozaosmeh.com\/wp-content\/themes\/wp-bootstrap-starter\/inc\/assets\/images\/instagram-logo.png\" alt=\"instagram-icon\" \/><\/a><\/div>\n<div class=\"gp-icon social-icons\"><a href=\"https:\/\/www.youtube.com\/channel\/UC71IKCJMltOEsQ424vtAcNA\" target=\"_blank\" rel=\"noopener noreferrer\"><img src=\"http:\/\/zajednozaosmeh.com\/wp-content\/themes\/wp-bootstrap-starter\/inc\/assets\/images\/youtube-logo.png\" alt=\"youtube-icon\" \/><\/a><\/div>\n<\/div>\n<div class=\"copyright-text\">Copyright \u00a9 2019 Fondacija &#8211; All rights reserved<\/div>\n<\/div>\n<p><!-- END FOOTER SECTION --><\/p>\n<\/div>","protected":false},"excerpt":{"rendered":"<p>Fondacija &#8220; Zajedno za osmeh&#8220; potpisala je Memorandum o saradnji i razumevanju sa Poliklinikokm &#8222;ST Medicina&#8220; iz Novog Sada, kojim se svoj deci oboleloj od malignih bolesti uz prethodnu registraciju na kontakt formi na nasem sajtu\u00a0obezbe\u0111uje besplatna : &nbsp; &#8211; rtg dijagnostika (snimanje, o\u010ditavanje \u00a0od strane specijaliste radiologije,izve\u0161taj, cd.); &nbsp; &#8211; ultrazvu\u010dna dijagnostika ( abdomen, [&hellip;]<\/p>\n","protected":false},"author":1,"featured_media":1743,"comment_status":"closed","ping_status":"open","sticky":false,"template":"","format":"standard","meta":[],"categories":[3],"tags":[],"_links":{"self":[{"href":"http:\/\/zajednozaosmeh.com\/en\/wp-json\/wp\/v2\/posts\/1613"}],"collection":[{"href":"http:\/\/zajednozaosmeh.com\/en\/wp-json\/wp\/v2\/posts"}],"about":[{"href":"http:\/\/zajednozaosmeh.com\/en\/wp-json\/wp\/v2\/types\/post"}],"author":[{"embeddable":true,"href":"http:\/\/zajednozaosmeh.com\/en\/wp-json\/wp\/v2\/users\/1"}],"replies":[{"embeddable":true,"href":"http:\/\/zajednozaosmeh.com\/en\/wp-json\/wp\/v2\/comments?post=1613"}],"version-history":[{"count":4,"href":"http:\/\/zajednozaosmeh.com\/en\/wp-json\/wp\/v2\/posts\/1613\/revisions"}],"predecessor-version":[{"id":1706,"href":"http:\/\/zajednozaosmeh.com\/en\/wp-json\/wp\/v2\/posts\/1613\/revisions\/1706"}],"wp:featuredmedia":[{"embeddable":true,"href":"http:\/\/zajednozaosmeh.com\/en\/wp-json\/wp\/v2\/media\/1743"}],"wp:attachment":[{"href":"http:\/\/zajednozaosmeh.com\/en\/wp-json\/wp\/v2\/media?parent=1613"}],"wp:term":[{"taxonomy":"category","embeddable":true,"href":"http:\/\/zajednozaosmeh.com\/en\/wp-json\/wp\/v2\/categories?post=1613"},{"taxonomy":"post_tag","embeddable":true,"href":"http:\/\/zajednozaosmeh.com\/en\/wp-json\/wp\/v2\/tags?post=1613"}],"curies":[{"name":"wp","href":"https:\/\/api.w.org\/{rel}","templated":true}]}}